{"id":16,"date":"2017-01-06T12:29:19","date_gmt":"2017-01-06T11:29:19","guid":{"rendered":"http:\/\/localhost\/ksr\/?p=16"},"modified":"2017-01-06T12:29:19","modified_gmt":"2017-01-06T11:29:19","slug":"gruendung-verband-deutscher-keramikstaedte-vom-24-11-2015","status":"publish","type":"post","link":"https:\/\/www.keramiksymposium-roemhild.de\/ksr\/gruendung-verband-deutscher-keramikstaedte-vom-24-11-2015\/","title":{"rendered":"Gr\u00fcndung Verband deutscher Keramikst\u00e4dte (vom 24.11.2015)"},"content":{"rendered":"<p>Presseinformation vom 24.11.2015: Deutsche Keramikst\u00e4dte b\u00fcndeln ihre Kr\u00e4fte in neuem Verband.<\/p>\n<p>&nbsp;<\/p>\n<p>Acht Kommunen haben am Freitag, dem 20. November 2015, in Mettlach den Verband der deutschen Keramikst\u00e4dte gegr\u00fcndet. Durch die Zusammenarbeit zwischen den Kommunen und eine internationale Positionierung m\u00f6chten die Keramikst\u00e4dte gemeinsam ihre Standorte wirtschaftlich, sozial und kulturell weiterentwickeln.<br \/>\nB\u00fcrgermeister Carsten Wiemann hatte zu der Gr\u00fcndungsversammlung nach Mettlach eingeladen, nachdem von den Teilnehmern eines ersten Netzwerktreffens in H\u00f6hr-Grenzhausen bereits im Juni das Potential einer engeren Zusammenarbeit erkannt wurde. Er begr\u00fc\u00dfte die Teilnehmer auf Schloss Saareck, das als G\u00e4stehaus der Villeroy &amp; Boch AG mit zahlreichen keramischen Bez\u00fcgen einen w\u00fcrdigen Rahmen bot. Zu den Gr\u00fcndungsmitgliedern geh\u00f6ren die Gemeinde Brachttal, die Samtgemeinde Duingen, die Stadt H\u00f6hr-Grenzhausen, die Stadt Kellinghusen, die Stadt Landshut, die Gemeinde Mettlach, die Stadt R\u00f6mhild und die Ortsgemeinde Siershahn. Weitere Kommunen haben bereits ihr Interesse bekundet. So ist beispielsweise die Ofenstadt Velten unmittelbar nach Gr\u00fcndung dem Verband beigetreten, die Stadt Rheinsberg war bei der Versammlung durch B\u00fcrgermeister Jan-Pieter Rau vertreten.<br \/>\nMichael Thiesen, der als B\u00fcrgermeister der Stadt H\u00f6hr-Grenzhausen zum Ersten Vorsitzenden gew\u00e4hlt wurde, freut sich \u00fcber die Resonanz: \u201eUns als Kommunen vereint die keramische Tradition, ein gemeinsames kulturelles Erbe. Wir alle stellen uns aktiv dem Strukturwandel in der Keramik. Es ist wichtig diese Kr\u00e4fte zu b\u00fcndeln und von den Erfahrungen der Kollegen zu lernen\u201c. Ebenfalls in den Vorstand gew\u00e4hlt wurden der stellvertretende Vorsitzende Carsten Wiemann sowie Christoph St\u00fcrz als B\u00fcrgermeister der Gemeinde Brachttal und Axel Pietsch als B\u00fcrgermeister der Stadt Kellinghusen.<br \/>\nDie Gr\u00fcndungsmitglieder haben es sich zum Ziel gesetzt, den Austausch zwischen den Kommunen zu verstetigen und gemeinsame Projekte zu initiieren. Diese sollen unter anderem eine st\u00e4rkere Vernetzung der lokalen Aktivit\u00e4ten, eine gemeinsame Arbeit am Image der Keramik, die F\u00f6rderung von Kunst sowie die Pflege des gemeinsamen kulturellen Erbes beinhalten. Wichtiger Bestandteil der Verbandsarbeit wird dabei die internationale Positionierung und Vernetzung der deutschen Keramikst\u00e4dte sein. Aus Italien war Giuseppe Olmeti vom Europ\u00e4ischen Verbund f\u00fcr territoriale Zusammenarbeit der Keramikst\u00e4dte (AEuCC) zur Gr\u00fcndungsversammlung angereist. Er \u00fcberbrachte den deutschen Kollegen Gl\u00fcckw\u00fcnsche und berichtete \u00fcber aktuelle Pl\u00e4ne f\u00fcr transnationale Projekte in Europa. Der Verband sieht sich in diesem Zusammenhang auch als gemeinsame Interessenvertretung der deutschen Keramikst\u00e4dte auf nationaler und europ\u00e4ischer Ebene.<\/p>\n<p>Das Gruppenbild v.l.n.r.:<br \/>\nGiuseppe Olmeti, AEuCC<br \/>\nMichael Voigt, Wirtschaftsf\u00f6rderer der Verbandsgemeinde H\u00f6hr-Grenzhausen<br \/>\nChristoph St\u00fcrz, B\u00fcrgermeister der Gemeinde Brachttal<br \/>\nCarsten Wiemann, B\u00fcrgermeister der Gemeinde Mettlach<br \/>\nAxel Pietsch, B\u00fcrgermeister der Stadt Kellinghusen<br \/>\nMichael Thiesen, B\u00fcrgermeister der Stadt H\u00f6hr-Grenzhausen<br \/>\nAlwin Scherz, B\u00fcrgermeister der Ortsgemeinde Siershahn<br \/>\nUta Spies, Kulturbeauftragte der Stadt Landshut<br \/>\nUdo Arndt, F\u00f6rderverein des Ofen- und Keramikmuseums Velten<br \/>\nMaike Arndt, Velten<br \/>\nJan-Pieter Rau, B\u00fcrgermeister der Stadt Rheinsberg<br \/>\nRheinhard Keitel, Vertreter der Stadt R\u00f6mhild<br \/>\nDirk Borovka, Vertreter der Samtgemeinde Duingen<\/p>\n<p>Pressekontakt:<br \/>\nHerr Michael Voigt<br \/>\nmichael.voigt@hoehr-grenzhausen.de<br \/>\nTel. 02624\/9473-0<\/p>\n","protected":false},"excerpt":{"rendered":"<p>Presseinformation vom 24.11.2015: Deutsche Keramikst\u00e4dte b\u00fcndeln ihre Kr\u00e4fte in neuem Verband. &nbsp; Acht Kommunen haben am Freitag, dem 20. November 2015, in Mettlach den Verband der deutschen Keramikst\u00e4dte gegr\u00fcndet. Durch die Zusammenarbeit zwischen den Kommunen und eine internationale Positionierung m\u00f6chten die Keramikst\u00e4dte gemeinsam ihre Standorte wirtschaftlich, sozial und kulturell weiterentwickeln. B\u00fcrgermeister Carsten Wiemann hatte zu [&hellip;]<\/p>\n","protected":false},"author":4,"featured_media":0,"comment_status":"closed","ping_status":"closed","sticky":false,"template":"","format":"standard","meta":{"_jetpack_memberships_contains_paid_content":false,"footnotes":""},"categories":[1],"tags":[],"class_list":["post-16","post","type-post","status-publish","format-standard","hentry","category-allgemein"],"jetpack_featured_media_url":"","jetpack_sharing_enabled":true,"_links":{"self":[{"href":"https:\/\/www.keramiksymposium-roemhild.de\/ksr\/wp-json\/wp\/v2\/posts\/16","targetHints":{"allow":["GET"]}}],"collection":[{"href":"https:\/\/www.keramiksymposium-roemhild.de\/ksr\/wp-json\/wp\/v2\/posts"}],"about":[{"href":"https:\/\/www.keramiksymposium-roemhild.de\/ksr\/wp-json\/wp\/v2\/types\/post"}],"author":[{"embeddable":true,"href":"https:\/\/www.keramiksymposium-roemhild.de\/ksr\/wp-json\/wp\/v2\/users\/4"}],"replies":[{"embeddable":true,"href":"https:\/\/www.keramiksymposium-roemhild.de\/ksr\/wp-json\/wp\/v2\/comments?post=16"}],"version-history":[{"count":1,"href":"https:\/\/www.keramiksymposium-roemhild.de\/ksr\/wp-json\/wp\/v2\/posts\/16\/revisions"}],"predecessor-version":[{"id":17,"href":"https:\/\/www.keramiksymposium-roemhild.de\/ksr\/wp-json\/wp\/v2\/posts\/16\/revisions\/17"}],"wp:attachment":[{"href":"https:\/\/www.keramiksymposium-roemhild.de\/ksr\/wp-json\/wp\/v2\/media?parent=16"}],"wp:term":[{"taxonomy":"category","embeddable":true,"href":"https:\/\/www.keramiksymposium-roemhild.de\/ksr\/wp-json\/wp\/v2\/categories?post=16"},{"taxonomy":"post_tag","embeddable":true,"href":"https:\/\/www.keramiksymposium-roemhild.de\/ksr\/wp-json\/wp\/v2\/tags?post=16"}],"curies":[{"name":"wp","href":"https:\/\/api.w.org\/{rel}","templated":true}]}}